{"id":29800,"date":"2026-03-24T12:13:26","date_gmt":"2026-03-24T11:13:26","guid":{"rendered":"https:\/\/www.vitarelax.it\/la-cultura-del-bello-per-vitarelax-2\/"},"modified":"2026-04-30T15:38:12","modified_gmt":"2026-04-30T13:38:12","slug":"la-cultura-del-bello-per-vitarelax-2","status":"publish","type":"post","link":"https:\/\/www.vitarelax.it\/it\/la-cultura-del-bello-per-vitarelax-2\/","title":{"rendered":"La cultura del bello per Vitarelax"},"content":{"rendered":"<h2>La cultura del bello inizia da casa tua.<\/h2>\n<p>Non \u00e8 una frase fatta. \u00c8 una scelta. \u00c8 un modo di abitare. \u00c8 il punto da cui parte ogni progetto <a href=\"https:\/\/www.vitarelax.it\/it\">Vitarelax<\/a>.<\/p>\n<p>Quando pensiamo al bello, spesso immaginiamo qualcosa da osservare: una linea elegante, un colore armonioso, un dettaglio che cattura lo sguardo. Per <a href=\"https:\/\/www.vitarelax.it\/it\">Vitarelax<\/a> il bello non si limita all\u2019estetica. Il bello \u00e8 un\u2019esperienza. \u00c8 qualcosa che si vive ogni giorno, che si sente sotto le mani, che accompagna i gesti quotidiani e li rende pi\u00f9 semplici, pi\u00f9 naturali, pi\u00f9 piacevoli.<\/p>\n<p>Il bello \u00e8 svegliarsi in uno spazio che ti rappresenta.<br \/>\n\u00c8 tornare a casa dopo una giornata intensa e sentirti accolto.<br \/>\n\u00c8 sederti sul tuo divano e percepire immediatamente che tutto \u00e8 al suo posto.<\/p>\n<h2><strong>Il bello che vivi ogni giorno<\/strong><\/h2>\n<p>Un <a href=\"https:\/\/www.vitarelax.it\/it\/prodotti\/divani-letto\/\">divano letto<\/a> non \u00e8 solo una parte dell\u2019arredo. \u00c8 il centro della casa. \u00c8 il luogo delle conversazioni, delle risate, delle pause lente della domenica pomeriggio. \u00c8 lo spazio che di giorno arreda e di notte accoglie.<\/p>\n<p>Per questo, secondo <a href=\"https:\/\/www.vitarelax.it\/it\/\">Vitarelax<\/a>, il bello deve essere anche funzionale.<\/p>\n<p>Un divano letto davvero bello \u00e8 quello che si apre con naturalezza.<\/p>\n<p>\u00c8 quello che diventa letto senza sforzo.<\/p>\n<p>\u00c8 quello che, quando arriva il momento di dormire, ti fa dimenticare che stai riposando su un divano.<\/p>\n<p>Elegante di giorno.<br \/>\nAccogliente di sera.<br \/>\nConfortevole di notte.<\/p>\n<p>Un unico oggetto, pi\u00f9 funzioni, un\u2019unica esperienza di benessere.<\/p>\n<h2><strong>Le linee che danno forma al bello<\/strong><\/h2>\n<p>Dietro ogni prodotto <a href=\"https:\/\/www.vitarelax.it\/it\/\">Vitarelax<\/a> c\u2019\u00e8 un progetto consapevole. Nulla \u00e8 lasciato al caso.<\/p>\n<p>Le proporzioni sono studiate per valorizzare lo spazio, anche quello pi\u00f9 contenuto.<\/p>\n<p>Le linee sono pensate per integrarsi con armonia in ambienti diversi, dal pi\u00f9 contemporaneo al pi\u00f9 classico.<\/p>\n<p>Il bello nasce dall\u2019equilibrio.<\/p>\n<p>Equilibrio tra design e comfort.<br \/>\nTra estetica e meccanica.<br \/>\nTra forma e funzione.<\/p>\n<p>I meccanismi sono affidabili e intuitivi. I materassi sono studiati per garantire un vero riposo.<\/p>\n<p>I materiali sono selezionati per durare nel tempo e accompagnare la quotidianit\u00e0 senza perdere qualit\u00e0.<\/p>\n<p>Perch\u00e9 il bello, quando \u00e8 progettato con cura, si riconosce. E soprattutto si vive.<\/p>\n","protected":false},"excerpt":{"rendered":"<p>La cultura del bello inizia da casa tua. Non \u00e8 una frase fatta. \u00c8 una scelta. \u00c8 un modo di abitare. \u00c8 il punto da cui parte ogni progetto Vitarelax. &hellip; <\/p>\n","protected":false},"author":12,"featured_media":29498,"comment_status":"closed","ping_status":"closed","sticky":false,"template":"","format":"standard","meta":{"footnotes":""},"categories":[1],"tags":[],"class_list":["post-29800","post","type-post","status-publish","format-standard","has-post-thumbnail","hentry","category-notizie"],"acf":[],"yoast_head":"<!-- This site is optimized with the Yoast SEO plugin v26.2 - https:\/\/yoast.com\/wordpress\/plugins\/seo\/ -->\n<title>La cultura del bello per Vitarelax &#8211; Vitarelax<\/title>\n<meta name=\"description\" content=\"La cultura del bello inizia da casa tua. Non \u00e8 una frase fatta. \u00c8 una scelta. \u00c8 un modo di abitare. \u00c8 il punto da cui parte ogni progetto Vitarelax.\" \/>\n<meta name=\"robots\" content=\"index, follow, max-snippet:-1, max-image-preview:large, max-video-preview:-1\" \/>\n<link rel=\"canonical\" href=\"https:\/\/www.vitarelax.it\/it\/la-cultura-del-bello-per-vitarelax-2\/\" \/>\n<meta property=\"og:locale\" content=\"it_IT\" \/>\n<meta property=\"og:type\" content=\"article\" \/>\n<meta property=\"og:title\" content=\"La cultura del bello per Vitarelax &#8211; Vitarelax\" \/>\n<meta property=\"og:description\" content=\"La cultura del bello inizia da casa tua. Non \u00e8 una frase fatta. \u00c8 una scelta. \u00c8 un modo di abitare. \u00c8 il punto da cui parte ogni progetto Vitarelax.\" \/>\n<meta property=\"og:url\" content=\"https:\/\/www.vitarelax.it\/it\/la-cultura-del-bello-per-vitarelax-2\/\" \/>\n<meta property=\"og:site_name\" content=\"Vitarelax\" \/>\n<meta property=\"article:publisher\" content=\"https:\/\/www.facebook.com\/vitarelaxsrl\/\" \/>\n<meta property=\"article:published_time\" content=\"2026-03-24T11:13:26+00:00\" \/>\n<meta property=\"article:modified_time\" content=\"2026-04-30T13:38:12+00:00\" \/>\n<meta property=\"og:image\" content=\"https:\/\/www.vitarelax.it\/wp-content\/uploads\/2026\/03\/1-bello-copertina.jpg\" \/>\n\t<meta property=\"og:image:width\" content=\"900\" \/>\n\t<meta property=\"og:image:height\" content=\"553\" \/>\n\t<meta property=\"og:image:type\" content=\"image\/jpeg\" \/>\n<meta name=\"author\" content=\"Carlotta Borasco\" \/>\n<meta name=\"twitter:card\" content=\"summary_large_image\" \/>\n<meta name=\"twitter:label1\" content=\"Scritto da\" \/>\n\t<meta name=\"twitter:data1\" content=\"Carlotta Borasco\" \/>\n\t<meta name=\"twitter:label2\" content=\"Tempo di lettura stimato\" \/>\n\t<meta name=\"twitter:data2\" content=\"3 minuti\" \/>\n<script type=\"application\/ld+json\" class=\"yoast-schema-graph\">{\"@context\":\"https:\/\/schema.org\",\"@graph\":[{\"@type\":\"Article\",\"@id\":\"https:\/\/www.vitarelax.it\/it\/la-cultura-del-bello-per-vitarelax-2\/#article\",\"isPartOf\":{\"@id\":\"https:\/\/www.vitarelax.it\/it\/la-cultura-del-bello-per-vitarelax-2\/\"},\"author\":{\"name\":\"Carlotta Borasco\",\"@id\":\"https:\/\/www.vitarelax.it\/it\/#\/schema\/person\/38c074ebfb8f066c358c33b625c50281\"},\"headline\":\"La cultura del bello per Vitarelax\",\"datePublished\":\"2026-03-24T11:13:26+00:00\",\"dateModified\":\"2026-04-30T13:38:12+00:00\",\"mainEntityOfPage\":{\"@id\":\"https:\/\/www.vitarelax.it\/it\/la-cultura-del-bello-per-vitarelax-2\/\"},\"wordCount\":336,\"publisher\":{\"@id\":\"https:\/\/www.vitarelax.it\/it\/#organization\"},\"image\":{\"@id\":\"https:\/\/www.vitarelax.it\/it\/la-cultura-del-bello-per-vitarelax-2\/#primaryimage\"},\"thumbnailUrl\":\"https:\/\/www.vitarelax.it\/wp-content\/uploads\/2026\/03\/1-bello-copertina.jpg\",\"articleSection\":[\"Notizie\"],\"inLanguage\":\"it-IT\"},{\"@type\":\"WebPage\",\"@id\":\"https:\/\/www.vitarelax.it\/it\/la-cultura-del-bello-per-vitarelax-2\/\",\"url\":\"https:\/\/www.vitarelax.it\/it\/la-cultura-del-bello-per-vitarelax-2\/\",\"name\":\"La cultura del bello per Vitarelax &#8211; Vitarelax\",\"isPartOf\":{\"@id\":\"https:\/\/www.vitarelax.it\/it\/#website\"},\"primaryImageOfPage\":{\"@id\":\"https:\/\/www.vitarelax.it\/it\/la-cultura-del-bello-per-vitarelax-2\/#primaryimage\"},\"image\":{\"@id\":\"https:\/\/www.vitarelax.it\/it\/la-cultura-del-bello-per-vitarelax-2\/#primaryimage\"},\"thumbnailUrl\":\"https:\/\/www.vitarelax.it\/wp-content\/uploads\/2026\/03\/1-bello-copertina.jpg\",\"datePublished\":\"2026-03-24T11:13:26+00:00\",\"dateModified\":\"2026-04-30T13:38:12+00:00\",\"description\":\"La cultura del bello inizia da casa tua. Non \u00e8 una frase fatta. \u00c8 una scelta. \u00c8 un modo di abitare. \u00c8 il punto da cui parte ogni progetto Vitarelax.\",\"breadcrumb\":{\"@id\":\"https:\/\/www.vitarelax.it\/it\/la-cultura-del-bello-per-vitarelax-2\/#breadcrumb\"},\"inLanguage\":\"it-IT\",\"potentialAction\":[{\"@type\":\"ReadAction\",\"target\":[\"https:\/\/www.vitarelax.it\/it\/la-cultura-del-bello-per-vitarelax-2\/\"]}]},{\"@type\":\"ImageObject\",\"inLanguage\":\"it-IT\",\"@id\":\"https:\/\/www.vitarelax.it\/it\/la-cultura-del-bello-per-vitarelax-2\/#primaryimage\",\"url\":\"https:\/\/www.vitarelax.it\/wp-content\/uploads\/2026\/03\/1-bello-copertina.jpg\",\"contentUrl\":\"https:\/\/www.vitarelax.it\/wp-content\/uploads\/2026\/03\/1-bello-copertina.jpg\",\"width\":900,\"height\":553},{\"@type\":\"BreadcrumbList\",\"@id\":\"https:\/\/www.vitarelax.it\/it\/la-cultura-del-bello-per-vitarelax-2\/#breadcrumb\",\"itemListElement\":[{\"@type\":\"ListItem\",\"position\":1,\"name\":\"Home\",\"item\":\"https:\/\/www.vitarelax.it\/it\/\"},{\"@type\":\"ListItem\",\"position\":2,\"name\":\"La cultura del bello per Vitarelax\"}]},{\"@type\":\"WebSite\",\"@id\":\"https:\/\/www.vitarelax.it\/it\/#website\",\"url\":\"https:\/\/www.vitarelax.it\/it\/\",\"name\":\"Vitarelax\",\"description\":\"Poltrone e Divani\",\"publisher\":{\"@id\":\"https:\/\/www.vitarelax.it\/it\/#organization\"},\"potentialAction\":[{\"@type\":\"SearchAction\",\"target\":{\"@type\":\"EntryPoint\",\"urlTemplate\":\"https:\/\/www.vitarelax.it\/it\/?s={search_term_string}\"},\"query-input\":{\"@type\":\"PropertyValueSpecification\",\"valueRequired\":true,\"valueName\":\"search_term_string\"}}],\"inLanguage\":\"it-IT\"},{\"@type\":\"Organization\",\"@id\":\"https:\/\/www.vitarelax.it\/it\/#organization\",\"name\":\"Vitarelax\",\"url\":\"https:\/\/www.vitarelax.it\/it\/\",\"logo\":{\"@type\":\"ImageObject\",\"inLanguage\":\"it-IT\",\"@id\":\"https:\/\/www.vitarelax.it\/it\/#\/schema\/logo\/image\/\",\"url\":\"https:\/\/www.vitarelax.it\/wp-content\/uploads\/2017\/12\/c-logoVitarelax.png\",\"contentUrl\":\"https:\/\/www.vitarelax.it\/wp-content\/uploads\/2017\/12\/c-logoVitarelax.png\",\"width\":240,\"height\":100,\"caption\":\"Vitarelax\"},\"image\":{\"@id\":\"https:\/\/www.vitarelax.it\/it\/#\/schema\/logo\/image\/\"},\"sameAs\":[\"https:\/\/www.facebook.com\/vitarelaxsrl\/\"]},{\"@type\":\"Person\",\"@id\":\"https:\/\/www.vitarelax.it\/it\/#\/schema\/person\/38c074ebfb8f066c358c33b625c50281\",\"name\":\"Carlotta Borasco\"}]}<\/script>\n<!-- \/ Yoast SEO plugin. -->","yoast_head_json":{"title":"La cultura del bello per Vitarelax &#8211; Vitarelax","description":"La cultura del bello inizia da casa tua. Non \u00e8 una frase fatta. \u00c8 una scelta. \u00c8 un modo di abitare. \u00c8 il punto da cui parte ogni progetto Vitarelax.","robots":{"index":"index","follow":"follow","max-snippet":"max-snippet:-1","max-image-preview":"max-image-preview:large","max-video-preview":"max-video-preview:-1"},"canonical":"https:\/\/www.vitarelax.it\/it\/la-cultura-del-bello-per-vitarelax-2\/","og_locale":"it_IT","og_type":"article","og_title":"La cultura del bello per Vitarelax &#8211; Vitarelax","og_description":"La cultura del bello inizia da casa tua. Non \u00e8 una frase fatta. \u00c8 una scelta. \u00c8 un modo di abitare. \u00c8 il punto da cui parte ogni progetto Vitarelax.","og_url":"https:\/\/www.vitarelax.it\/it\/la-cultura-del-bello-per-vitarelax-2\/","og_site_name":"Vitarelax","article_publisher":"https:\/\/www.facebook.com\/vitarelaxsrl\/","article_published_time":"2026-03-24T11:13:26+00:00","article_modified_time":"2026-04-30T13:38:12+00:00","og_image":[{"width":900,"height":553,"url":"https:\/\/www.vitarelax.it\/wp-content\/uploads\/2026\/03\/1-bello-copertina.jpg","type":"image\/jpeg"}],"author":"Carlotta Borasco","twitter_card":"summary_large_image","twitter_misc":{"Scritto da":"Carlotta Borasco","Tempo di lettura stimato":"3 minuti"},"schema":{"@context":"https:\/\/schema.org","@graph":[{"@type":"Article","@id":"https:\/\/www.vitarelax.it\/it\/la-cultura-del-bello-per-vitarelax-2\/#article","isPartOf":{"@id":"https:\/\/www.vitarelax.it\/it\/la-cultura-del-bello-per-vitarelax-2\/"},"author":{"name":"Carlotta Borasco","@id":"https:\/\/www.vitarelax.it\/it\/#\/schema\/person\/38c074ebfb8f066c358c33b625c50281"},"headline":"La cultura del bello per Vitarelax","datePublished":"2026-03-24T11:13:26+00:00","dateModified":"2026-04-30T13:38:12+00:00","mainEntityOfPage":{"@id":"https:\/\/www.vitarelax.it\/it\/la-cultura-del-bello-per-vitarelax-2\/"},"wordCount":336,"publisher":{"@id":"https:\/\/www.vitarelax.it\/it\/#organization"},"image":{"@id":"https:\/\/www.vitarelax.it\/it\/la-cultura-del-bello-per-vitarelax-2\/#primaryimage"},"thumbnailUrl":"https:\/\/www.vitarelax.it\/wp-content\/uploads\/2026\/03\/1-bello-copertina.jpg","articleSection":["Notizie"],"inLanguage":"it-IT"},{"@type":"WebPage","@id":"https:\/\/www.vitarelax.it\/it\/la-cultura-del-bello-per-vitarelax-2\/","url":"https:\/\/www.vitarelax.it\/it\/la-cultura-del-bello-per-vitarelax-2\/","name":"La cultura del bello per Vitarelax &#8211; Vitarelax","isPartOf":{"@id":"https:\/\/www.vitarelax.it\/it\/#website"},"primaryImageOfPage":{"@id":"https:\/\/www.vitarelax.it\/it\/la-cultura-del-bello-per-vitarelax-2\/#primaryimage"},"image":{"@id":"https:\/\/www.vitarelax.it\/it\/la-cultura-del-bello-per-vitarelax-2\/#primaryimage"},"thumbnailUrl":"https:\/\/www.vitarelax.it\/wp-content\/uploads\/2026\/03\/1-bello-copertina.jpg","datePublished":"2026-03-24T11:13:26+00:00","dateModified":"2026-04-30T13:38:12+00:00","description":"La cultura del bello inizia da casa tua. Non \u00e8 una frase fatta. \u00c8 una scelta. \u00c8 un modo di abitare. \u00c8 il punto da cui parte ogni progetto Vitarelax.","breadcrumb":{"@id":"https:\/\/www.vitarelax.it\/it\/la-cultura-del-bello-per-vitarelax-2\/#breadcrumb"},"inLanguage":"it-IT","potentialAction":[{"@type":"ReadAction","target":["https:\/\/www.vitarelax.it\/it\/la-cultura-del-bello-per-vitarelax-2\/"]}]},{"@type":"ImageObject","inLanguage":"it-IT","@id":"https:\/\/www.vitarelax.it\/it\/la-cultura-del-bello-per-vitarelax-2\/#primaryimage","url":"https:\/\/www.vitarelax.it\/wp-content\/uploads\/2026\/03\/1-bello-copertina.jpg","contentUrl":"https:\/\/www.vitarelax.it\/wp-content\/uploads\/2026\/03\/1-bello-copertina.jpg","width":900,"height":553},{"@type":"BreadcrumbList","@id":"https:\/\/www.vitarelax.it\/it\/la-cultura-del-bello-per-vitarelax-2\/#breadcrumb","itemListElement":[{"@type":"ListItem","position":1,"name":"Home","item":"https:\/\/www.vitarelax.it\/it\/"},{"@type":"ListItem","position":2,"name":"La cultura del bello per Vitarelax"}]},{"@type":"WebSite","@id":"https:\/\/www.vitarelax.it\/it\/#website","url":"https:\/\/www.vitarelax.it\/it\/","name":"Vitarelax","description":"Poltrone e Divani","publisher":{"@id":"https:\/\/www.vitarelax.it\/it\/#organization"},"potentialAction":[{"@type":"SearchAction","target":{"@type":"EntryPoint","urlTemplate":"https:\/\/www.vitarelax.it\/it\/?s={search_term_string}"},"query-input":{"@type":"PropertyValueSpecification","valueRequired":true,"valueName":"search_term_string"}}],"inLanguage":"it-IT"},{"@type":"Organization","@id":"https:\/\/www.vitarelax.it\/it\/#organization","name":"Vitarelax","url":"https:\/\/www.vitarelax.it\/it\/","logo":{"@type":"ImageObject","inLanguage":"it-IT","@id":"https:\/\/www.vitarelax.it\/it\/#\/schema\/logo\/image\/","url":"https:\/\/www.vitarelax.it\/wp-content\/uploads\/2017\/12\/c-logoVitarelax.png","contentUrl":"https:\/\/www.vitarelax.it\/wp-content\/uploads\/2017\/12\/c-logoVitarelax.png","width":240,"height":100,"caption":"Vitarelax"},"image":{"@id":"https:\/\/www.vitarelax.it\/it\/#\/schema\/logo\/image\/"},"sameAs":["https:\/\/www.facebook.com\/vitarelaxsrl\/"]},{"@type":"Person","@id":"https:\/\/www.vitarelax.it\/it\/#\/schema\/person\/38c074ebfb8f066c358c33b625c50281","name":"Carlotta Borasco"}]}},"_links":{"self":[{"href":"https:\/\/www.vitarelax.it\/it\/wp-json\/wp\/v2\/posts\/29800","targetHints":{"allow":["GET"]}}],"collection":[{"href":"https:\/\/www.vitarelax.it\/it\/wp-json\/wp\/v2\/posts"}],"about":[{"href":"https:\/\/www.vitarelax.it\/it\/wp-json\/wp\/v2\/types\/post"}],"author":[{"embeddable":true,"href":"https:\/\/www.vitarelax.it\/it\/wp-json\/wp\/v2\/users\/12"}],"replies":[{"embeddable":true,"href":"https:\/\/www.vitarelax.it\/it\/wp-json\/wp\/v2\/comments?post=29800"}],"version-history":[{"count":0,"href":"https:\/\/www.vitarelax.it\/it\/wp-json\/wp\/v2\/posts\/29800\/revisions"}],"wp:featuredmedia":[{"embeddable":true,"href":"https:\/\/www.vitarelax.it\/it\/wp-json\/wp\/v2\/media\/29498"}],"wp:attachment":[{"href":"https:\/\/www.vitarelax.it\/it\/wp-json\/wp\/v2\/media?parent=29800"}],"wp:term":[{"taxonomy":"category","embeddable":true,"href":"https:\/\/www.vitarelax.it\/it\/wp-json\/wp\/v2\/categories?post=29800"},{"taxonomy":"post_tag","embeddable":true,"href":"https:\/\/www.vitarelax.it\/it\/wp-json\/wp\/v2\/tags?post=29800"}],"curies":[{"name":"wp","href":"https:\/\/api.w.org\/{rel}","templated":true}]}}