{"id":14648,"date":"2018-12-04T00:00:22","date_gmt":"2018-12-03T23:00:22","guid":{"rendered":"https:\/\/www.vitarelax.it\/?p=14648"},"modified":"2020-04-29T10:53:01","modified_gmt":"2020-04-29T08:53:01","slug":"vitarelax-au-salon-esprit-meuble-de-paris","status":"publish","type":"post","link":"https:\/\/www.vitarelax.it\/fr\/vitarelax-au-salon-esprit-meuble-de-paris\/","title":{"rendered":"Vitarelax au Salon Esprit Meuble de Paris"},"content":{"rendered":"<div>\n<p>Vitarelax a particip\u00e9 au Salon Esprit Meuble de Paris en d\u00e9cembre dernier, l\u2019occasion pour la marque de pr\u00e9senter toute la collection et les nouveaut\u00e9s 2018\/2019.<\/p>\n<p>Esprit Meuble est l&rsquo;un des Salons les plus importants et prestigieux d&rsquo;Europe, un lieu d\u2019\u00e9change pour les artisans, distributeurs, acheteurs, designers et autres sp\u00e9cialistes du monde du Meuble.<\/p>\n<p>L\u2019exp\u00e9rience des organisateurs, et le vaste r\u00e9seau de revendeurs Vitarelax pr\u00e9sents en France, nous ont permis de faire conna\u00eetre la qualit\u00e9 et le souci du d\u00e9tail qui caract\u00e9risent le \u00ab\u00a0Made in Italy\u00a0\u00bb, partie int\u00e9grante de la marque Vitarelax.<\/p>\n<\/div>\n<div id='gallery-1' class='gallery galleryid-14648 gallery-columns-3 gallery-size-medium'><figure class='gallery-item'>\n\t\t\t<div class='gallery-icon landscape'>\n\t\t\t\t<a href='https:\/\/www.vitarelax.it\/wp-content\/uploads\/2018\/02\/vitarelax-fiera.jpg'><img fetchpriority=\"high\" decoding=\"async\" width=\"560\" height=\"420\" src=\"https:\/\/www.vitarelax.it\/wp-content\/uploads\/2018\/02\/vitarelax-fiera-560x420.jpg\" class=\"attachment-medium size-medium\" alt=\"\" srcset=\"https:\/\/www.vitarelax.it\/wp-content\/uploads\/2018\/02\/vitarelax-fiera-560x420.jpg 560w, https:\/\/www.vitarelax.it\/wp-content\/uploads\/2018\/02\/vitarelax-fiera-768x576.jpg 768w, https:\/\/www.vitarelax.it\/wp-content\/uploads\/2018\/02\/vitarelax-fiera-1120x840.jpg 1120w, https:\/\/www.vitarelax.it\/wp-content\/uploads\/2018\/02\/vitarelax-fiera.jpg 1600w\" sizes=\"(max-width: 560px) 100vw, 560px\" \/><\/a>\n\t\t\t<\/div><\/figure><figure class='gallery-item'>\n\t\t\t<div class='gallery-icon landscape'>\n\t\t\t\t<a href='https:\/\/www.vitarelax.it\/wp-content\/uploads\/2018\/02\/vitarelax-fiera-2.jpg'><img decoding=\"async\" width=\"560\" height=\"420\" src=\"https:\/\/www.vitarelax.it\/wp-content\/uploads\/2018\/02\/vitarelax-fiera-2-560x420.jpg\" class=\"attachment-medium size-medium\" alt=\"\" srcset=\"https:\/\/www.vitarelax.it\/wp-content\/uploads\/2018\/02\/vitarelax-fiera-2-560x420.jpg 560w, https:\/\/www.vitarelax.it\/wp-content\/uploads\/2018\/02\/vitarelax-fiera-2-768x576.jpg 768w, https:\/\/www.vitarelax.it\/wp-content\/uploads\/2018\/02\/vitarelax-fiera-2-1120x840.jpg 1120w, https:\/\/www.vitarelax.it\/wp-content\/uploads\/2018\/02\/vitarelax-fiera-2.jpg 1600w\" sizes=\"(max-width: 560px) 100vw, 560px\" \/><\/a>\n\t\t\t<\/div><\/figure>\n\t\t<\/div>\n\n","protected":false},"excerpt":{"rendered":"<p>Vitarelax a particip\u00e9 au Salon Esprit Meuble de Paris en d\u00e9cembre dernier, l\u2019occasion pour la marque de pr\u00e9senter toute la collection et les nouveaut\u00e9s 2018\/2019. Esprit Meuble est l&rsquo;un des &hellip; <\/p>\n","protected":false},"author":1,"featured_media":13569,"comment_status":"closed","ping_status":"closed","sticky":false,"template":"","format":"standard","meta":{"footnotes":""},"categories":[70],"tags":[],"class_list":["post-14648","post","type-post","status-publish","format-standard","has-post-thumbnail","hentry","category-news"],"acf":[],"yoast_head":"<!-- This site is optimized with the Yoast SEO plugin v26.2 - https:\/\/yoast.com\/wordpress\/plugins\/seo\/ -->\n<title>Vitarelax au Salon Esprit Meuble de Paris &#8211; Vitarelax<\/title>\n<meta name=\"description\" content=\"Vitarelax participe au Salon Esprit Meuble de Paris, o\u00f9 il pr\u00e9sentera de nombreuses nouveaut\u00e9s.\" \/>\n<meta name=\"robots\" content=\"index, follow, max-snippet:-1, max-image-preview:large, max-video-preview:-1\" \/>\n<link rel=\"canonical\" href=\"https:\/\/www.vitarelax.it\/fr\/vitarelax-au-salon-esprit-meuble-de-paris\/\" \/>\n<meta property=\"og:locale\" content=\"fr_FR\" \/>\n<meta property=\"og:type\" content=\"article\" \/>\n<meta property=\"og:title\" content=\"Vitarelax au Salon Esprit Meuble de Paris &#8211; Vitarelax\" \/>\n<meta property=\"og:description\" content=\"Vitarelax participe au Salon Esprit Meuble de Paris, o\u00f9 il pr\u00e9sentera de nombreuses nouveaut\u00e9s.\" \/>\n<meta property=\"og:url\" content=\"https:\/\/www.vitarelax.it\/fr\/vitarelax-au-salon-esprit-meuble-de-paris\/\" \/>\n<meta property=\"og:site_name\" content=\"Vitarelax\" \/>\n<meta property=\"article:publisher\" content=\"https:\/\/www.facebook.com\/vitarelaxsrl\/\" \/>\n<meta property=\"article:published_time\" content=\"2018-12-03T23:00:22+00:00\" \/>\n<meta property=\"article:modified_time\" content=\"2020-04-29T08:53:01+00:00\" \/>\n<meta property=\"og:image\" content=\"https:\/\/www.vitarelax.it\/wp-content\/uploads\/2018\/02\/vitarelax-3.jpg\" \/>\n\t<meta property=\"og:image:width\" content=\"1600\" \/>\n\t<meta property=\"og:image:height\" content=\"1200\" \/>\n\t<meta property=\"og:image:type\" content=\"image\/jpeg\" \/>\n<meta name=\"author\" content=\"Valentina\" \/>\n<meta name=\"twitter:card\" content=\"summary_large_image\" \/>\n<meta name=\"twitter:label1\" content=\"\u00c9crit par\" \/>\n\t<meta name=\"twitter:data1\" content=\"Valentina\" \/>\n\t<meta name=\"twitter:label2\" content=\"Dur\u00e9e de lecture estim\u00e9e\" \/>\n\t<meta name=\"twitter:data2\" content=\"1 minute\" \/>\n<script type=\"application\/ld+json\" class=\"yoast-schema-graph\">{\"@context\":\"https:\/\/schema.org\",\"@graph\":[{\"@type\":\"Article\",\"@id\":\"https:\/\/www.vitarelax.it\/fr\/vitarelax-au-salon-esprit-meuble-de-paris\/#article\",\"isPartOf\":{\"@id\":\"https:\/\/www.vitarelax.it\/fr\/vitarelax-au-salon-esprit-meuble-de-paris\/\"},\"author\":{\"name\":\"Valentina\",\"@id\":\"https:\/\/www.vitarelax.it\/fr\/#\/schema\/person\/bab0fcd4fd27afa30bcb7cb63e27aebd\"},\"headline\":\"Vitarelax au Salon Esprit Meuble de Paris\",\"datePublished\":\"2018-12-03T23:00:22+00:00\",\"dateModified\":\"2020-04-29T08:53:01+00:00\",\"mainEntityOfPage\":{\"@id\":\"https:\/\/www.vitarelax.it\/fr\/vitarelax-au-salon-esprit-meuble-de-paris\/\"},\"wordCount\":117,\"publisher\":{\"@id\":\"https:\/\/www.vitarelax.it\/fr\/#organization\"},\"image\":{\"@id\":\"https:\/\/www.vitarelax.it\/fr\/vitarelax-au-salon-esprit-meuble-de-paris\/#primaryimage\"},\"thumbnailUrl\":\"https:\/\/www.vitarelax.it\/wp-content\/uploads\/2018\/02\/vitarelax-3.jpg\",\"articleSection\":[\"News\"],\"inLanguage\":\"fr-FR\"},{\"@type\":\"WebPage\",\"@id\":\"https:\/\/www.vitarelax.it\/fr\/vitarelax-au-salon-esprit-meuble-de-paris\/\",\"url\":\"https:\/\/www.vitarelax.it\/fr\/vitarelax-au-salon-esprit-meuble-de-paris\/\",\"name\":\"Vitarelax au Salon Esprit Meuble de Paris &#8211; Vitarelax\",\"isPartOf\":{\"@id\":\"https:\/\/www.vitarelax.it\/fr\/#website\"},\"primaryImageOfPage\":{\"@id\":\"https:\/\/www.vitarelax.it\/fr\/vitarelax-au-salon-esprit-meuble-de-paris\/#primaryimage\"},\"image\":{\"@id\":\"https:\/\/www.vitarelax.it\/fr\/vitarelax-au-salon-esprit-meuble-de-paris\/#primaryimage\"},\"thumbnailUrl\":\"https:\/\/www.vitarelax.it\/wp-content\/uploads\/2018\/02\/vitarelax-3.jpg\",\"datePublished\":\"2018-12-03T23:00:22+00:00\",\"dateModified\":\"2020-04-29T08:53:01+00:00\",\"description\":\"Vitarelax participe au Salon Esprit Meuble de Paris, o\u00f9 il pr\u00e9sentera de nombreuses nouveaut\u00e9s.\",\"breadcrumb\":{\"@id\":\"https:\/\/www.vitarelax.it\/fr\/vitarelax-au-salon-esprit-meuble-de-paris\/#breadcrumb\"},\"inLanguage\":\"fr-FR\",\"potentialAction\":[{\"@type\":\"ReadAction\",\"target\":[\"https:\/\/www.vitarelax.it\/fr\/vitarelax-au-salon-esprit-meuble-de-paris\/\"]}]},{\"@type\":\"ImageObject\",\"inLanguage\":\"fr-FR\",\"@id\":\"https:\/\/www.vitarelax.it\/fr\/vitarelax-au-salon-esprit-meuble-de-paris\/#primaryimage\",\"url\":\"https:\/\/www.vitarelax.it\/wp-content\/uploads\/2018\/02\/vitarelax-3.jpg\",\"contentUrl\":\"https:\/\/www.vitarelax.it\/wp-content\/uploads\/2018\/02\/vitarelax-3.jpg\",\"width\":1600,\"height\":1200},{\"@type\":\"BreadcrumbList\",\"@id\":\"https:\/\/www.vitarelax.it\/fr\/vitarelax-au-salon-esprit-meuble-de-paris\/#breadcrumb\",\"itemListElement\":[{\"@type\":\"ListItem\",\"position\":1,\"name\":\"Home\",\"item\":\"https:\/\/www.vitarelax.it\/fr\/\"},{\"@type\":\"ListItem\",\"position\":2,\"name\":\"Vitarelax au Salon Esprit Meuble de Paris\"}]},{\"@type\":\"WebSite\",\"@id\":\"https:\/\/www.vitarelax.it\/fr\/#website\",\"url\":\"https:\/\/www.vitarelax.it\/fr\/\",\"name\":\"Vitarelax\",\"description\":\"Poltrone e Divani\",\"publisher\":{\"@id\":\"https:\/\/www.vitarelax.it\/fr\/#organization\"},\"potentialAction\":[{\"@type\":\"SearchAction\",\"target\":{\"@type\":\"EntryPoint\",\"urlTemplate\":\"https:\/\/www.vitarelax.it\/fr\/?s={search_term_string}\"},\"query-input\":{\"@type\":\"PropertyValueSpecification\",\"valueRequired\":true,\"valueName\":\"search_term_string\"}}],\"inLanguage\":\"fr-FR\"},{\"@type\":\"Organization\",\"@id\":\"https:\/\/www.vitarelax.it\/fr\/#organization\",\"name\":\"Vitarelax\",\"url\":\"https:\/\/www.vitarelax.it\/fr\/\",\"logo\":{\"@type\":\"ImageObject\",\"inLanguage\":\"fr-FR\",\"@id\":\"https:\/\/www.vitarelax.it\/fr\/#\/schema\/logo\/image\/\",\"url\":\"https:\/\/www.vitarelax.it\/wp-content\/uploads\/2017\/12\/c-logoVitarelax.png\",\"contentUrl\":\"https:\/\/www.vitarelax.it\/wp-content\/uploads\/2017\/12\/c-logoVitarelax.png\",\"width\":240,\"height\":100,\"caption\":\"Vitarelax\"},\"image\":{\"@id\":\"https:\/\/www.vitarelax.it\/fr\/#\/schema\/logo\/image\/\"},\"sameAs\":[\"https:\/\/www.facebook.com\/vitarelaxsrl\/\"]},{\"@type\":\"Person\",\"@id\":\"https:\/\/www.vitarelax.it\/fr\/#\/schema\/person\/bab0fcd4fd27afa30bcb7cb63e27aebd\",\"name\":\"Valentina\"}]}<\/script>\n<!-- \/ Yoast SEO plugin. -->","yoast_head_json":{"title":"Vitarelax au Salon Esprit Meuble de Paris &#8211; Vitarelax","description":"Vitarelax participe au Salon Esprit Meuble de Paris, o\u00f9 il pr\u00e9sentera de nombreuses nouveaut\u00e9s.","robots":{"index":"index","follow":"follow","max-snippet":"max-snippet:-1","max-image-preview":"max-image-preview:large","max-video-preview":"max-video-preview:-1"},"canonical":"https:\/\/www.vitarelax.it\/fr\/vitarelax-au-salon-esprit-meuble-de-paris\/","og_locale":"fr_FR","og_type":"article","og_title":"Vitarelax au Salon Esprit Meuble de Paris &#8211; Vitarelax","og_description":"Vitarelax participe au Salon Esprit Meuble de Paris, o\u00f9 il pr\u00e9sentera de nombreuses nouveaut\u00e9s.","og_url":"https:\/\/www.vitarelax.it\/fr\/vitarelax-au-salon-esprit-meuble-de-paris\/","og_site_name":"Vitarelax","article_publisher":"https:\/\/www.facebook.com\/vitarelaxsrl\/","article_published_time":"2018-12-03T23:00:22+00:00","article_modified_time":"2020-04-29T08:53:01+00:00","og_image":[{"width":1600,"height":1200,"url":"https:\/\/www.vitarelax.it\/wp-content\/uploads\/2018\/02\/vitarelax-3.jpg","type":"image\/jpeg"}],"author":"Valentina","twitter_card":"summary_large_image","twitter_misc":{"\u00c9crit par":"Valentina","Dur\u00e9e de lecture estim\u00e9e":"1 minute"},"schema":{"@context":"https:\/\/schema.org","@graph":[{"@type":"Article","@id":"https:\/\/www.vitarelax.it\/fr\/vitarelax-au-salon-esprit-meuble-de-paris\/#article","isPartOf":{"@id":"https:\/\/www.vitarelax.it\/fr\/vitarelax-au-salon-esprit-meuble-de-paris\/"},"author":{"name":"Valentina","@id":"https:\/\/www.vitarelax.it\/fr\/#\/schema\/person\/bab0fcd4fd27afa30bcb7cb63e27aebd"},"headline":"Vitarelax au Salon Esprit Meuble de Paris","datePublished":"2018-12-03T23:00:22+00:00","dateModified":"2020-04-29T08:53:01+00:00","mainEntityOfPage":{"@id":"https:\/\/www.vitarelax.it\/fr\/vitarelax-au-salon-esprit-meuble-de-paris\/"},"wordCount":117,"publisher":{"@id":"https:\/\/www.vitarelax.it\/fr\/#organization"},"image":{"@id":"https:\/\/www.vitarelax.it\/fr\/vitarelax-au-salon-esprit-meuble-de-paris\/#primaryimage"},"thumbnailUrl":"https:\/\/www.vitarelax.it\/wp-content\/uploads\/2018\/02\/vitarelax-3.jpg","articleSection":["News"],"inLanguage":"fr-FR"},{"@type":"WebPage","@id":"https:\/\/www.vitarelax.it\/fr\/vitarelax-au-salon-esprit-meuble-de-paris\/","url":"https:\/\/www.vitarelax.it\/fr\/vitarelax-au-salon-esprit-meuble-de-paris\/","name":"Vitarelax au Salon Esprit Meuble de Paris &#8211; Vitarelax","isPartOf":{"@id":"https:\/\/www.vitarelax.it\/fr\/#website"},"primaryImageOfPage":{"@id":"https:\/\/www.vitarelax.it\/fr\/vitarelax-au-salon-esprit-meuble-de-paris\/#primaryimage"},"image":{"@id":"https:\/\/www.vitarelax.it\/fr\/vitarelax-au-salon-esprit-meuble-de-paris\/#primaryimage"},"thumbnailUrl":"https:\/\/www.vitarelax.it\/wp-content\/uploads\/2018\/02\/vitarelax-3.jpg","datePublished":"2018-12-03T23:00:22+00:00","dateModified":"2020-04-29T08:53:01+00:00","description":"Vitarelax participe au Salon Esprit Meuble de Paris, o\u00f9 il pr\u00e9sentera de nombreuses nouveaut\u00e9s.","breadcrumb":{"@id":"https:\/\/www.vitarelax.it\/fr\/vitarelax-au-salon-esprit-meuble-de-paris\/#breadcrumb"},"inLanguage":"fr-FR","potentialAction":[{"@type":"ReadAction","target":["https:\/\/www.vitarelax.it\/fr\/vitarelax-au-salon-esprit-meuble-de-paris\/"]}]},{"@type":"ImageObject","inLanguage":"fr-FR","@id":"https:\/\/www.vitarelax.it\/fr\/vitarelax-au-salon-esprit-meuble-de-paris\/#primaryimage","url":"https:\/\/www.vitarelax.it\/wp-content\/uploads\/2018\/02\/vitarelax-3.jpg","contentUrl":"https:\/\/www.vitarelax.it\/wp-content\/uploads\/2018\/02\/vitarelax-3.jpg","width":1600,"height":1200},{"@type":"BreadcrumbList","@id":"https:\/\/www.vitarelax.it\/fr\/vitarelax-au-salon-esprit-meuble-de-paris\/#breadcrumb","itemListElement":[{"@type":"ListItem","position":1,"name":"Home","item":"https:\/\/www.vitarelax.it\/fr\/"},{"@type":"ListItem","position":2,"name":"Vitarelax au Salon Esprit Meuble de Paris"}]},{"@type":"WebSite","@id":"https:\/\/www.vitarelax.it\/fr\/#website","url":"https:\/\/www.vitarelax.it\/fr\/","name":"Vitarelax","description":"Poltrone e Divani","publisher":{"@id":"https:\/\/www.vitarelax.it\/fr\/#organization"},"potentialAction":[{"@type":"SearchAction","target":{"@type":"EntryPoint","urlTemplate":"https:\/\/www.vitarelax.it\/fr\/?s={search_term_string}"},"query-input":{"@type":"PropertyValueSpecification","valueRequired":true,"valueName":"search_term_string"}}],"inLanguage":"fr-FR"},{"@type":"Organization","@id":"https:\/\/www.vitarelax.it\/fr\/#organization","name":"Vitarelax","url":"https:\/\/www.vitarelax.it\/fr\/","logo":{"@type":"ImageObject","inLanguage":"fr-FR","@id":"https:\/\/www.vitarelax.it\/fr\/#\/schema\/logo\/image\/","url":"https:\/\/www.vitarelax.it\/wp-content\/uploads\/2017\/12\/c-logoVitarelax.png","contentUrl":"https:\/\/www.vitarelax.it\/wp-content\/uploads\/2017\/12\/c-logoVitarelax.png","width":240,"height":100,"caption":"Vitarelax"},"image":{"@id":"https:\/\/www.vitarelax.it\/fr\/#\/schema\/logo\/image\/"},"sameAs":["https:\/\/www.facebook.com\/vitarelaxsrl\/"]},{"@type":"Person","@id":"https:\/\/www.vitarelax.it\/fr\/#\/schema\/person\/bab0fcd4fd27afa30bcb7cb63e27aebd","name":"Valentina"}]}},"_links":{"self":[{"href":"https:\/\/www.vitarelax.it\/fr\/wp-json\/wp\/v2\/posts\/14648","targetHints":{"allow":["GET"]}}],"collection":[{"href":"https:\/\/www.vitarelax.it\/fr\/wp-json\/wp\/v2\/posts"}],"about":[{"href":"https:\/\/www.vitarelax.it\/fr\/wp-json\/wp\/v2\/types\/post"}],"author":[{"embeddable":true,"href":"https:\/\/www.vitarelax.it\/fr\/wp-json\/wp\/v2\/users\/1"}],"replies":[{"embeddable":true,"href":"https:\/\/www.vitarelax.it\/fr\/wp-json\/wp\/v2\/comments?post=14648"}],"version-history":[{"count":0,"href":"https:\/\/www.vitarelax.it\/fr\/wp-json\/wp\/v2\/posts\/14648\/revisions"}],"wp:featuredmedia":[{"embeddable":true,"href":"https:\/\/www.vitarelax.it\/fr\/wp-json\/wp\/v2\/media\/13569"}],"wp:attachment":[{"href":"https:\/\/www.vitarelax.it\/fr\/wp-json\/wp\/v2\/media?parent=14648"}],"wp:term":[{"taxonomy":"category","embeddable":true,"href":"https:\/\/www.vitarelax.it\/fr\/wp-json\/wp\/v2\/categories?post=14648"},{"taxonomy":"post_tag","embeddable":true,"href":"https:\/\/www.vitarelax.it\/fr\/wp-json\/wp\/v2\/tags?post=14648"}],"curies":[{"name":"wp","href":"https:\/\/api.w.org\/{rel}","templated":true}]}}